{"id":554,"date":"2025-08-10T03:31:58","date_gmt":"2025-08-10T00:31:58","guid":{"rendered":"https:\/\/alanyaesarp.com\/?p=554"},"modified":"2025-09-04T23:56:25","modified_gmt":"2025-09-04T20:56:25","slug":"alanyada-esarp-sal-secimi-renk-doku-ve-kombin-rehberi-tuna-esarp-sal","status":"publish","type":"post","link":"https:\/\/alanyaesarp.com\/en\/alanyada-esarp-sal-secimi-renk-doku-ve-kombin-rehberi-tuna-esarp-sal\/","title":{"rendered":"Choosing a Scarf &amp; Shawl in Alanya: Color, Texture and Combination Guide (Tuna Scarf &amp; Shawl)"},"content":{"rendered":"<h1 data-start=\"251\" data-end=\"330\">Choosing a Scarf &amp; Shawl in Alanya: Color, Texture and Combination Guide (Tuna Scarf &amp; Shawl)<\/h1>\n<p data-start=\"331\" data-end=\"767\">In Alanya <strong data-start=\"341\" data-end=\"350\">scarf<\/strong> And <strong data-start=\"354\" data-end=\"361\">shawl<\/strong> When shopping, simply choosing a model isn&#039;t enough; color, texture, and tying style also determine your entire look. The boutique experience in Cikcilli stands out. <strong data-start=\"517\" data-end=\"537\">Tuna Scarf &amp; Shawl<\/strong>, is here to guide you through every detail, from color psychology to fabric types, to help you find the right piece. In this guide <strong data-start=\"650\" data-end=\"662\">soft shawl<\/strong>, <strong data-start=\"664\" data-end=\"687\">twill scarf<\/strong> We&#039;ve put together some practical tips for choosing silk and cotton blends.<\/p>\n<h2 data-start=\"769\" data-end=\"810\">Color Psychology: What Does a Hue Say?<\/h2>\n<ul data-start=\"811\" data-end=\"1172\">\n<li data-start=\"811\" data-end=\"897\">\n<p data-start=\"813\" data-end=\"897\"><strong data-start=\"813\" data-end=\"828\">Beige &amp; Cream:<\/strong> Timeless, serene, and versatile. A safe haven for everyday urban style.<\/p>\n<\/li>\n<li data-start=\"898\" data-end=\"988\">\n<p data-start=\"900\" data-end=\"988\"><strong data-start=\"900\" data-end=\"924\">Damson &amp; Dried Rose:<\/strong> Feminine and elegant, ideal for special occasions and evening gatherings.<\/p>\n<\/li>\n<li data-start=\"989\" data-end=\"1079\">\n<p data-start=\"991\" data-end=\"1079\"><strong data-start=\"991\" data-end=\"1012\">Black &amp; Navy Blue:<\/strong> Formal style, clear statement. A strong choice for offices and ceremonies.<\/p>\n<\/li>\n<li data-start=\"1080\" data-end=\"1172\">\n<p data-start=\"1082\" data-end=\"1172\"><strong data-start=\"1082\" data-end=\"1118\">Earth Tones (Coffee, Caramel):<\/strong> Warm and natural; a great fit for autumn combinations.<\/p>\n<\/li>\n<\/ul>\n<p data-start=\"1174\" data-end=\"1375\"><strong data-start=\"1174\" data-end=\"1194\">Tuna Scarf &amp; Shawl<\/strong>At , we update the color palette throughout the season; <strong data-start=\"1241\" data-end=\"1255\">Alanya shawl<\/strong> And <strong data-start=\"1259\" data-end=\"1275\">Alanya scarf<\/strong> Anyone looking for a shade that will suit their skin tone and wardrobe can quickly find it with our boutique consultancy.<\/p>\n<h2 data-start=\"1377\" data-end=\"1422\">Texture Guide: Soft Shawl or Twill Scarf?<\/h2>\n<ul data-start=\"1423\" data-end=\"1776\">\n<li data-start=\"1423\" data-end=\"1546\">\n<p data-start=\"1425\" data-end=\"1546\"><strong data-start=\"1425\" data-end=\"1438\">Soft Shawl:<\/strong> Fluid form, non-slip grip, breathable structure. Perfect for those who want comfort and practical tying all day long.<\/p>\n<\/li>\n<li data-start=\"1547\" data-end=\"1677\">\n<p data-start=\"1549\" data-end=\"1677\"><strong data-start=\"1549\" data-end=\"1573\">Twill Scarf:<\/strong> A solid look, crisp form, and elegant elegance for both the office and the occasion. The edge workmanship and stitching quality determine the overall look.<\/p>\n<\/li>\n<li data-start=\"1678\" data-end=\"1776\">\n<p data-start=\"1680\" data-end=\"1776\"><strong data-start=\"1680\" data-end=\"1707\">Silk\u2013Cotton Blends:<\/strong> Textures that combine lightness and elegance; can be used in all four seasons.<\/p>\n<\/li>\n<\/ul>\n<p data-start=\"1778\" data-end=\"2040\">In Alanya, \u201c<strong data-start=\"1789\" data-end=\"1801\">soft shawl<\/strong>&quot; And &quot;<strong data-start=\"1807\" data-end=\"1822\">twill scarf<\/strong>If you would like to try and see the difference between the two, we are doing close-up texture and binding experiments in our store in Cikcilli. For those who cannot come, <strong data-start=\"1963\" data-end=\"2002\">Fast image sending from WhatsApp<\/strong> We simplify the decision-making process with.<\/p>\n<h2 data-start=\"2042\" data-end=\"2079\">Outfit Plan: The Right Piece in 3 Steps<\/h2>\n<ol data-start=\"2080\" data-end=\"2490\">\n<li data-start=\"2080\" data-end=\"2199\">\n<p data-start=\"2083\" data-end=\"2199\"><strong data-start=\"2083\" data-end=\"2105\">Selection by Environment:<\/strong> For daily flow <strong data-start=\"2123\" data-end=\"2135\">soft shawl<\/strong>, for official\/special occasions <strong data-start=\"2160\" data-end=\"2175\">twill scarf<\/strong> It&#039;s a good start.<\/p>\n<\/li>\n<li data-start=\"2200\" data-end=\"2336\">\n<p data-start=\"2203\" data-end=\"2336\"><strong data-start=\"2203\" data-end=\"2230\">Clarify Color Matching:<\/strong> Think about the tones of your outerwear and bag\/shoes; 2\u20133 base colors + 1 accent color will speed up the look.<\/p>\n<\/li>\n<li data-start=\"2337\" data-end=\"2490\">\n<p data-start=\"2340\" data-end=\"2490\"><strong data-start=\"2340\" data-end=\"2370\">Tying Style &amp; Face Line:<\/strong> Longer forms on rounded lines balance the face; textures that give clear forms on sharp lines create a strong expression.<\/p>\n<\/li>\n<\/ol>\n<p data-start=\"2492\" data-end=\"2686\"><strong data-start=\"2492\" data-end=\"2512\">Tuna Scarf &amp; Shawl<\/strong>, \u201c<strong data-start=\"2515\" data-end=\"2533\">Cikcilli scarf<\/strong> It answers the question &quot;where to buy?&quot; with friendly consulting, the right color-texture matching, and a curated collection. Decide by trying it, feel the difference.<\/p>\n<h2 data-start=\"2688\" data-end=\"2740\">Care &amp; Use: Small Touches for Longevity<\/h2>\n<ul data-start=\"2741\" data-end=\"2937\">\n<li data-start=\"2741\" data-end=\"2802\">\n<p data-start=\"2743\" data-end=\"2802\"><strong data-start=\"2743\" data-end=\"2754\">Washing:<\/strong> Warm water, gentle detergent, hand wash and quick wash.<\/p>\n<\/li>\n<li data-start=\"2803\" data-end=\"2876\">\n<p data-start=\"2805\" data-end=\"2876\"><strong data-start=\"2805\" data-end=\"2817\">Drying:<\/strong> Cool by shaping without squeezing; avoid direct sun.<\/p>\n<\/li>\n<li data-start=\"2877\" data-end=\"2937\">\n<p data-start=\"2879\" data-end=\"2937\"><strong data-start=\"2879\" data-end=\"2887\">Iron:<\/strong> Low heat, if possible inside out and with a protective cloth.<\/p>\n<\/li>\n<\/ul>\n<p data-start=\"2939\" data-end=\"3089\">Proper care, <strong data-start=\"2952\" data-end=\"2968\">Alanya scarf<\/strong> And <strong data-start=\"2972\" data-end=\"2986\">Alanya shawl<\/strong> It protects your investment in your purchase for many years. We&#039;re also here to help with after-sales tips.<\/p>\n<h2 data-start=\"3091\" data-end=\"3145\">Why Tuna Scarf &amp; Shawl? (Reliable Boutique in Alanya)<\/h2>\n<ul data-start=\"3146\" data-end=\"3478\">\n<li data-start=\"3146\" data-end=\"3221\">\n<p data-start=\"3148\" data-end=\"3221\"><strong data-start=\"3148\" data-end=\"3172\">Selected Collection:<\/strong> Textures that do not bleed color and maintain their form.<\/p>\n<\/li>\n<li data-start=\"3222\" data-end=\"3305\">\n<p data-start=\"3224\" data-end=\"3305\"><strong data-start=\"3224\" data-end=\"3252\">Personalized Consulting:<\/strong> Suggestions based on skin color \u2013 face shape \u2013 tying style.<\/p>\n<\/li>\n<li data-start=\"3306\" data-end=\"3407\">\n<p data-start=\"3308\" data-end=\"3407\"><strong data-start=\"3308\" data-end=\"3327\">Quick Contact:<\/strong> <strong data-start=\"3328\" data-end=\"3340\">WhatsApp<\/strong> with stock, color chart and close-up texture images on the same day.<\/p>\n<\/li>\n<li data-start=\"3408\" data-end=\"3478\">\n<p data-start=\"3410\" data-end=\"3478\"><strong data-start=\"3410\" data-end=\"3428\">Central Location:<\/strong> Easy access in Cikcilli; opportunity to try on in store.<\/p>\n<\/li>\n<\/ul>\n<p data-start=\"3480\" data-end=\"3745\"><strong data-start=\"3480\" data-end=\"3500\">Tuna Scarf &amp; Shawl<\/strong>, <strong data-start=\"3502\" data-end=\"3525\">Alanya scarf boutique<\/strong> Thanks to transparent information, friendly service, and consistent quality, it has become one of the first names that comes to mind when it comes to fashion. You&#039;re just one step away from pieces that are practical for everyday life and stylish for special occasions.<\/p>","protected":false},"excerpt":{"rendered":"<p>Alanya\u2019da E\u015farp &amp; \u015eal Se\u00e7imi: Renk, Doku ve Kombin Rehberi (Tuna E\u015farp &amp; \u015eal) Alanya\u2019da e\u015farp ve \u015fal al\u0131\u015fveri\u015fi yaparken sadece model be\u011fenmek yetmez; renk, doku ve ba\u011flama stili de g\u00f6r\u00fcnt\u00fcn\u00fcz\u00fcn b\u00fct\u00fcn\u00fcn\u00fc belirler. Cikcilli\u2019deki butik deneyimiyle \u00f6ne \u00e7\u0131kan Tuna E\u015farp &amp; \u015eal, do\u011fru par\u00e7ay\u0131 bulman\u0131z i\u00e7in renk psikolojisinden kuma\u015f t\u00fcrlerine kadar her ayr\u0131nt\u0131da yan\u0131n\u0131zdad\u0131r. Bu [&hellip;]<\/p>","protected":false},"author":1,"featured_media":697,"comment_status":"closed","ping_status":"open","sticky":false,"template":"elementor_header_footer","format":"standard","meta":{"_acf_changed":false,"footnotes":""},"categories":[1],"tags":[32],"class_list":["post-554","post","type-post","status-publish","format-standard","has-post-thumbnail","hentry","category-alanya-esarp","tag-alanya-esarp"],"acf":[],"yoast_head":"<!-- This site is optimized with the Yoast SEO plugin v25.6 - https:\/\/yoast.com\/wordpress\/plugins\/seo\/ -->\n<title>Alanya\u2019da E\u015farp &amp; \u015eal Se\u00e7imi: Renk, Doku ve Kombin Rehberi (Tuna E\u015farp &amp; \u015eal) - Alanya E\u015farp - Alanya \u015eal - Alanya T\u00fcrban<\/title>\n<meta name=\"robots\" content=\"index, follow, max-snippet:-1, max-image-preview:large, max-video-preview:-1\" \/>\n<link rel=\"canonical\" href=\"https:\/\/alanyaesarp.com\/en\/alanyada-esarp-sal-secimi-renk-doku-ve-kombin-rehberi-tuna-esarp-sal\/\" \/>\n<meta property=\"og:locale\" content=\"en_US\" \/>\n<meta property=\"og:type\" content=\"article\" \/>\n<meta property=\"og:title\" content=\"Alanya\u2019da E\u015farp &amp; \u015eal Se\u00e7imi: Renk, Doku ve Kombin Rehberi (Tuna E\u015farp &amp; \u015eal) - Alanya E\u015farp - Alanya \u015eal - Alanya T\u00fcrban\" \/>\n<meta property=\"og:description\" content=\"Alanya\u2019da E\u015farp &amp; \u015eal Se\u00e7imi: Renk, Doku ve Kombin Rehberi (Tuna E\u015farp &amp; \u015eal) Alanya\u2019da e\u015farp ve \u015fal al\u0131\u015fveri\u015fi yaparken sadece model be\u011fenmek yetmez; renk, doku ve ba\u011flama stili de g\u00f6r\u00fcnt\u00fcn\u00fcz\u00fcn b\u00fct\u00fcn\u00fcn\u00fc belirler. Cikcilli\u2019deki butik deneyimiyle \u00f6ne \u00e7\u0131kan Tuna E\u015farp &amp; \u015eal, do\u011fru par\u00e7ay\u0131 bulman\u0131z i\u00e7in renk psikolojisinden kuma\u015f t\u00fcrlerine kadar her ayr\u0131nt\u0131da yan\u0131n\u0131zdad\u0131r. Bu [&hellip;]\" \/>\n<meta property=\"og:url\" content=\"https:\/\/alanyaesarp.com\/en\/alanyada-esarp-sal-secimi-renk-doku-ve-kombin-rehberi-tuna-esarp-sal\/\" \/>\n<meta property=\"og:site_name\" content=\"Alanya E\u015farp - Alanya \u015eal - Alanya T\u00fcrban\" \/>\n<meta property=\"article:published_time\" content=\"2025-08-10T00:31:58+00:00\" \/>\n<meta property=\"article:modified_time\" content=\"2025-09-04T20:56:25+00:00\" \/>\n<meta property=\"og:image\" content=\"https:\/\/alanyaesarp.com\/wp-content\/uploads\/2025\/08\/3.png\" \/>\n\t<meta property=\"og:image:width\" content=\"1024\" \/>\n\t<meta property=\"og:image:height\" content=\"1024\" \/>\n\t<meta property=\"og:image:type\" content=\"image\/png\" \/>\n<meta name=\"author\" content=\"mubin1156\" \/>\n<meta name=\"twitter:card\" content=\"summary_large_image\" \/>\n<meta name=\"twitter:label1\" content=\"Written by\" \/>\n\t<meta name=\"twitter:data1\" content=\"mubin1156\" \/>\n\t<meta name=\"twitter:label2\" content=\"Est. reading time\" \/>\n\t<meta name=\"twitter:data2\" content=\"3 minutes\" \/>\n<script type=\"application\/ld+json\" class=\"yoast-schema-graph\">{\"@context\":\"https:\/\/schema.org\",\"@graph\":[{\"@type\":\"WebPage\",\"@id\":\"https:\/\/alanyaesarp.com\/alanyada-esarp-sal-secimi-renk-doku-ve-kombin-rehberi-tuna-esarp-sal\/\",\"url\":\"https:\/\/alanyaesarp.com\/alanyada-esarp-sal-secimi-renk-doku-ve-kombin-rehberi-tuna-esarp-sal\/\",\"name\":\"Alanya\u2019da E\u015farp & \u015eal Se\u00e7imi: Renk, Doku ve Kombin Rehberi (Tuna E\u015farp & \u015eal) - Alanya E\u015farp - Alanya \u015eal - Alanya T\u00fcrban\",\"isPartOf\":{\"@id\":\"https:\/\/alanyaesarp.com\/#website\"},\"primaryImageOfPage\":{\"@id\":\"https:\/\/alanyaesarp.com\/alanyada-esarp-sal-secimi-renk-doku-ve-kombin-rehberi-tuna-esarp-sal\/#primaryimage\"},\"image\":{\"@id\":\"https:\/\/alanyaesarp.com\/alanyada-esarp-sal-secimi-renk-doku-ve-kombin-rehberi-tuna-esarp-sal\/#primaryimage\"},\"thumbnailUrl\":\"https:\/\/alanyaesarp.com\/wp-content\/uploads\/2025\/08\/3.png\",\"datePublished\":\"2025-08-10T00:31:58+00:00\",\"dateModified\":\"2025-09-04T20:56:25+00:00\",\"author\":{\"@id\":\"https:\/\/alanyaesarp.com\/#\/schema\/person\/727679d96d9ac1ce01ab33efbc0f2187\"},\"breadcrumb\":{\"@id\":\"https:\/\/alanyaesarp.com\/alanyada-esarp-sal-secimi-renk-doku-ve-kombin-rehberi-tuna-esarp-sal\/#breadcrumb\"},\"inLanguage\":\"en-US\",\"potentialAction\":[{\"@type\":\"ReadAction\",\"target\":[\"https:\/\/alanyaesarp.com\/alanyada-esarp-sal-secimi-renk-doku-ve-kombin-rehberi-tuna-esarp-sal\/\"]}]},{\"@type\":\"ImageObject\",\"inLanguage\":\"en-US\",\"@id\":\"https:\/\/alanyaesarp.com\/alanyada-esarp-sal-secimi-renk-doku-ve-kombin-rehberi-tuna-esarp-sal\/#primaryimage\",\"url\":\"https:\/\/alanyaesarp.com\/wp-content\/uploads\/2025\/08\/3.png\",\"contentUrl\":\"https:\/\/alanyaesarp.com\/wp-content\/uploads\/2025\/08\/3.png\",\"width\":1024,\"height\":1024},{\"@type\":\"BreadcrumbList\",\"@id\":\"https:\/\/alanyaesarp.com\/alanyada-esarp-sal-secimi-renk-doku-ve-kombin-rehberi-tuna-esarp-sal\/#breadcrumb\",\"itemListElement\":[{\"@type\":\"ListItem\",\"position\":1,\"name\":\"Anasayfa\",\"item\":\"https:\/\/alanyaesarp.com\/\"},{\"@type\":\"ListItem\",\"position\":2,\"name\":\"Alanya\u2019da E\u015farp &#038; \u015eal Se\u00e7imi: Renk, Doku ve Kombin Rehberi (Tuna E\u015farp &#038; \u015eal)\"}]},{\"@type\":\"WebSite\",\"@id\":\"https:\/\/alanyaesarp.com\/#website\",\"url\":\"https:\/\/alanyaesarp.com\/\",\"name\":\"Alanya E\u015farp - Alanya \u015eal - Alanya T\u00fcrban\",\"description\":\"Alanya E\u015farp - Alanya \u015eal - Alanya T\u00fcrban\",\"potentialAction\":[{\"@type\":\"SearchAction\",\"target\":{\"@type\":\"EntryPoint\",\"urlTemplate\":\"https:\/\/alanyaesarp.com\/?s={search_term_string}\"},\"query-input\":{\"@type\":\"PropertyValueSpecification\",\"valueRequired\":true,\"valueName\":\"search_term_string\"}}],\"inLanguage\":\"en-US\"},{\"@type\":\"Person\",\"@id\":\"https:\/\/alanyaesarp.com\/#\/schema\/person\/727679d96d9ac1ce01ab33efbc0f2187\",\"name\":\"mubin1156\",\"image\":{\"@type\":\"ImageObject\",\"inLanguage\":\"en-US\",\"@id\":\"https:\/\/alanyaesarp.com\/#\/schema\/person\/image\/\",\"url\":\"https:\/\/secure.gravatar.com\/avatar\/96a7af49cbe18887df05c772d60d1327104b8186ba4447f5e2c8be6300f078a8?s=96&d=mm&r=g\",\"contentUrl\":\"https:\/\/secure.gravatar.com\/avatar\/96a7af49cbe18887df05c772d60d1327104b8186ba4447f5e2c8be6300f078a8?s=96&d=mm&r=g\",\"caption\":\"mubin1156\"},\"sameAs\":[\"https:\/\/alanyaesarp.com\"],\"url\":\"https:\/\/alanyaesarp.com\/en\/author\/mubin1156\/\"}]}<\/script>\n<!-- \/ Yoast SEO plugin. -->","yoast_head_json":{"title":"Alanya\u2019da E\u015farp & \u015eal Se\u00e7imi: Renk, Doku ve Kombin Rehberi (Tuna E\u015farp & \u015eal) - Alanya E\u015farp - Alanya \u015eal - Alanya T\u00fcrban","robots":{"index":"index","follow":"follow","max-snippet":"max-snippet:-1","max-image-preview":"max-image-preview:large","max-video-preview":"max-video-preview:-1"},"canonical":"https:\/\/alanyaesarp.com\/en\/alanyada-esarp-sal-secimi-renk-doku-ve-kombin-rehberi-tuna-esarp-sal\/","og_locale":"en_US","og_type":"article","og_title":"Alanya\u2019da E\u015farp & \u015eal Se\u00e7imi: Renk, Doku ve Kombin Rehberi (Tuna E\u015farp & \u015eal) - Alanya E\u015farp - Alanya \u015eal - Alanya T\u00fcrban","og_description":"Alanya\u2019da E\u015farp &amp; \u015eal Se\u00e7imi: Renk, Doku ve Kombin Rehberi (Tuna E\u015farp &amp; \u015eal) Alanya\u2019da e\u015farp ve \u015fal al\u0131\u015fveri\u015fi yaparken sadece model be\u011fenmek yetmez; renk, doku ve ba\u011flama stili de g\u00f6r\u00fcnt\u00fcn\u00fcz\u00fcn b\u00fct\u00fcn\u00fcn\u00fc belirler. Cikcilli\u2019deki butik deneyimiyle \u00f6ne \u00e7\u0131kan Tuna E\u015farp &amp; \u015eal, do\u011fru par\u00e7ay\u0131 bulman\u0131z i\u00e7in renk psikolojisinden kuma\u015f t\u00fcrlerine kadar her ayr\u0131nt\u0131da yan\u0131n\u0131zdad\u0131r. Bu [&hellip;]","og_url":"https:\/\/alanyaesarp.com\/en\/alanyada-esarp-sal-secimi-renk-doku-ve-kombin-rehberi-tuna-esarp-sal\/","og_site_name":"Alanya E\u015farp - Alanya \u015eal - Alanya T\u00fcrban","article_published_time":"2025-08-10T00:31:58+00:00","article_modified_time":"2025-09-04T20:56:25+00:00","og_image":[{"width":1024,"height":1024,"url":"https:\/\/alanyaesarp.com\/wp-content\/uploads\/2025\/08\/3.png","type":"image\/png"}],"author":"mubin1156","twitter_card":"summary_large_image","twitter_misc":{"Written by":"mubin1156","Est. reading time":"3 minutes"},"schema":{"@context":"https:\/\/schema.org","@graph":[{"@type":"WebPage","@id":"https:\/\/alanyaesarp.com\/alanyada-esarp-sal-secimi-renk-doku-ve-kombin-rehberi-tuna-esarp-sal\/","url":"https:\/\/alanyaesarp.com\/alanyada-esarp-sal-secimi-renk-doku-ve-kombin-rehberi-tuna-esarp-sal\/","name":"Alanya\u2019da E\u015farp & \u015eal Se\u00e7imi: Renk, Doku ve Kombin Rehberi (Tuna E\u015farp & \u015eal) - Alanya E\u015farp - Alanya \u015eal - Alanya T\u00fcrban","isPartOf":{"@id":"https:\/\/alanyaesarp.com\/#website"},"primaryImageOfPage":{"@id":"https:\/\/alanyaesarp.com\/alanyada-esarp-sal-secimi-renk-doku-ve-kombin-rehberi-tuna-esarp-sal\/#primaryimage"},"image":{"@id":"https:\/\/alanyaesarp.com\/alanyada-esarp-sal-secimi-renk-doku-ve-kombin-rehberi-tuna-esarp-sal\/#primaryimage"},"thumbnailUrl":"https:\/\/alanyaesarp.com\/wp-content\/uploads\/2025\/08\/3.png","datePublished":"2025-08-10T00:31:58+00:00","dateModified":"2025-09-04T20:56:25+00:00","author":{"@id":"https:\/\/alanyaesarp.com\/#\/schema\/person\/727679d96d9ac1ce01ab33efbc0f2187"},"breadcrumb":{"@id":"https:\/\/alanyaesarp.com\/alanyada-esarp-sal-secimi-renk-doku-ve-kombin-rehberi-tuna-esarp-sal\/#breadcrumb"},"inLanguage":"en-US","potentialAction":[{"@type":"ReadAction","target":["https:\/\/alanyaesarp.com\/alanyada-esarp-sal-secimi-renk-doku-ve-kombin-rehberi-tuna-esarp-sal\/"]}]},{"@type":"ImageObject","inLanguage":"en-US","@id":"https:\/\/alanyaesarp.com\/alanyada-esarp-sal-secimi-renk-doku-ve-kombin-rehberi-tuna-esarp-sal\/#primaryimage","url":"https:\/\/alanyaesarp.com\/wp-content\/uploads\/2025\/08\/3.png","contentUrl":"https:\/\/alanyaesarp.com\/wp-content\/uploads\/2025\/08\/3.png","width":1024,"height":1024},{"@type":"BreadcrumbList","@id":"https:\/\/alanyaesarp.com\/alanyada-esarp-sal-secimi-renk-doku-ve-kombin-rehberi-tuna-esarp-sal\/#breadcrumb","itemListElement":[{"@type":"ListItem","position":1,"name":"Anasayfa","item":"https:\/\/alanyaesarp.com\/"},{"@type":"ListItem","position":2,"name":"Alanya\u2019da E\u015farp &#038; \u015eal Se\u00e7imi: Renk, Doku ve Kombin Rehberi (Tuna E\u015farp &#038; \u015eal)"}]},{"@type":"WebSite","@id":"https:\/\/alanyaesarp.com\/#website","url":"https:\/\/alanyaesarp.com\/","name":"Alanya E\u015farp - Alanya \u015eal - Alanya T\u00fcrban","description":"Alanya E\u015farp - Alanya \u015eal - Alanya T\u00fcrban","potentialAction":[{"@type":"SearchAction","target":{"@type":"EntryPoint","urlTemplate":"https:\/\/alanyaesarp.com\/?s={search_term_string}"},"query-input":{"@type":"PropertyValueSpecification","valueRequired":true,"valueName":"search_term_string"}}],"inLanguage":"en-US"},{"@type":"Person","@id":"https:\/\/alanyaesarp.com\/#\/schema\/person\/727679d96d9ac1ce01ab33efbc0f2187","name":"mubin1156","image":{"@type":"ImageObject","inLanguage":"en-US","@id":"https:\/\/alanyaesarp.com\/#\/schema\/person\/image\/","url":"https:\/\/secure.gravatar.com\/avatar\/96a7af49cbe18887df05c772d60d1327104b8186ba4447f5e2c8be6300f078a8?s=96&d=mm&r=g","contentUrl":"https:\/\/secure.gravatar.com\/avatar\/96a7af49cbe18887df05c772d60d1327104b8186ba4447f5e2c8be6300f078a8?s=96&d=mm&r=g","caption":"mubin1156"},"sameAs":["https:\/\/alanyaesarp.com"],"url":"https:\/\/alanyaesarp.com\/en\/author\/mubin1156\/"}]}},"_links":{"self":[{"href":"https:\/\/alanyaesarp.com\/en\/wp-json\/wp\/v2\/posts\/554","targetHints":{"allow":["GET"]}}],"collection":[{"href":"https:\/\/alanyaesarp.com\/en\/wp-json\/wp\/v2\/posts"}],"about":[{"href":"https:\/\/alanyaesarp.com\/en\/wp-json\/wp\/v2\/types\/post"}],"author":[{"embeddable":true,"href":"https:\/\/alanyaesarp.com\/en\/wp-json\/wp\/v2\/users\/1"}],"replies":[{"embeddable":true,"href":"https:\/\/alanyaesarp.com\/en\/wp-json\/wp\/v2\/comments?post=554"}],"version-history":[{"count":2,"href":"https:\/\/alanyaesarp.com\/en\/wp-json\/wp\/v2\/posts\/554\/revisions"}],"predecessor-version":[{"id":704,"href":"https:\/\/alanyaesarp.com\/en\/wp-json\/wp\/v2\/posts\/554\/revisions\/704"}],"wp:featuredmedia":[{"embeddable":true,"href":"https:\/\/alanyaesarp.com\/en\/wp-json\/wp\/v2\/media\/697"}],"wp:attachment":[{"href":"https:\/\/alanyaesarp.com\/en\/wp-json\/wp\/v2\/media?parent=554"}],"wp:term":[{"taxonomy":"category","embeddable":true,"href":"https:\/\/alanyaesarp.com\/en\/wp-json\/wp\/v2\/categories?post=554"},{"taxonomy":"post_tag","embeddable":true,"href":"https:\/\/alanyaesarp.com\/en\/wp-json\/wp\/v2\/tags?post=554"}],"curies":[{"name":"wp","href":"https:\/\/api.w.org\/{rel}","templated":true}]}}