{"id":556,"date":"2025-08-10T03:32:28","date_gmt":"2025-08-10T00:32:28","guid":{"rendered":"https:\/\/alanyaesarp.com\/?p=556"},"modified":"2025-09-04T23:57:04","modified_gmt":"2025-09-04T20:57:04","slug":"mevsimlere-gore-esarp-sal-secimi-alanyada-sikligin-adresi-tuna-esarp-sal","status":"publish","type":"post","link":"https:\/\/alanyaesarp.com\/de\/mevsimlere-gore-esarp-sal-secimi-alanyada-sikligin-adresi-tuna-esarp-sal\/","title":{"rendered":"Schal- und Tuchauswahl je nach Jahreszeit: Tuna Schal &amp; Tuch, die Adresse der Eleganz in Alanya"},"content":{"rendered":"<h1 data-start=\"277\" data-end=\"357\">Mevsimlere G\u00f6re E\u015farp &amp; \u015eal Se\u00e7imi: Alanya\u2019da \u015e\u0131kl\u0131\u011f\u0131n Adresi Tuna E\u015farp &amp; \u015eal<\/h1>\n<p data-start=\"358\" data-end=\"726\">Alanya\u2019da <strong data-start=\"368\" data-end=\"377\">Schal<\/strong> Und <strong data-start=\"381\" data-end=\"388\">Schal<\/strong> al\u0131\u015fveri\u015finde do\u011fru se\u00e7im, mevsim ko\u015fullar\u0131n\u0131 ve g\u00fcnl\u00fck ya\u015fam temposunu dikkate almay\u0131 gerektirir. Cikcilli\u2019deki butik deneyimiyle \u00f6ne \u00e7\u0131kan <strong data-start=\"530\" data-end=\"550\">Thunfischschal &amp; -tuch<\/strong>, d\u00f6rt mevsime uygun <strong data-start=\"571\" data-end=\"583\">weicher Schal<\/strong>, <strong data-start=\"585\" data-end=\"608\">Twillschal<\/strong> ve ipek\u2013pamuk kar\u0131\u015f\u0131mlar\u0131ndan olu\u015fan se\u00e7ilmi\u015f koleksiyonlar\u0131yla stilinizi pratik \u015fekilde tamamlaman\u0131za yard\u0131mc\u0131 olur.<\/p>\n<h2 data-start=\"728\" data-end=\"766\">\u0130lkbahar: Hafiflik ve Canl\u0131 Renkler<\/h2>\n<p data-start=\"767\" data-end=\"847\">\u0130lkbaharda gard\u0131roplar yenilenir; ak\u0131\u015fkan ve nefes alan dokular konfor sa\u011flar.<\/p>\n<ul data-start=\"848\" data-end=\"1203\">\n<li data-start=\"848\" data-end=\"915\">\n<p data-start=\"850\" data-end=\"915\"><strong data-start=\"850\" data-end=\"868\">\u00d6nerilen doku:<\/strong> \u0130nce <strong data-start=\"874\" data-end=\"886\">weicher Schal<\/strong> ve ipek\u2013pamuk kar\u0131\u015f\u0131mlar\u0131.<\/p>\n<\/li>\n<li data-start=\"916\" data-end=\"993\">\n<p data-start=\"918\" data-end=\"993\"><strong data-start=\"918\" data-end=\"934\">Renk paleti:<\/strong> G\u00fcl kurusu, pudra, bej, a\u00e7\u0131k mavi gibi yumu\u015fak ge\u00e7i\u015fler.<\/p>\n<\/li>\n<li data-start=\"994\" data-end=\"1203\">\n<p data-start=\"996\" data-end=\"1203\"><strong data-start=\"996\" data-end=\"1023\">Neden Tuna E\u015farp &amp; \u015eal?<\/strong> Cikcilli\u2019deki buti\u011fimizde y\u00fcz hatlar\u0131n\u0131za ve ten renginize g\u00f6re <strong data-start=\"1088\" data-end=\"1102\">Farbharmonie<\/strong> dan\u0131\u015fmanl\u0131\u011f\u0131 veriyoruz; \u201c<strong data-start=\"1128\" data-end=\"1142\">Alanya-Schal<\/strong>\u201d arayanlara mevsime uygun, uzun \u00f6m\u00fcrl\u00fc se\u00e7enekler sunuyoruz.<\/p>\n<\/li>\n<\/ul>\n<h2 data-start=\"1205\" data-end=\"1241\">Yaz: Nefes Alan, Kaymayan Dokular<\/h2>\n<p data-start=\"1242\" data-end=\"1329\">Alanya yaz\u0131 s\u0131cak ve hareketlidir; terletmeyen, kayma yapmayan se\u00e7imler \u00f6nem kazan\u0131r.<\/p>\n<ul data-start=\"1330\" data-end=\"1734\">\n<li data-start=\"1330\" data-end=\"1407\">\n<p data-start=\"1332\" data-end=\"1407\"><strong data-start=\"1332\" data-end=\"1350\">\u00d6nerilen doku:<\/strong> \u0130nce, nefes alan <strong data-start=\"1368\" data-end=\"1380\">weicher Schal<\/strong>; ipek\u2013pamuk kar\u0131\u015f\u0131mlar\u0131.<\/p>\n<\/li>\n<li data-start=\"1408\" data-end=\"1516\">\n<p data-start=\"1410\" data-end=\"1516\"><strong data-start=\"1410\" data-end=\"1426\">Renk paleti:<\/strong> Krem, ta\u015f, latte, a\u00e7\u0131k toprak tonlar\u0131; g\u00fcne\u015fte rengi solmayan, formunu koruyan dokular.<\/p>\n<\/li>\n<li data-start=\"1517\" data-end=\"1734\">\n<p data-start=\"1519\" data-end=\"1734\"><strong data-start=\"1519\" data-end=\"1529\">\u0130pucu:<\/strong> G\u00fcnl\u00fck kullan\u0131mda pratik ba\u011flama stilleri ve hafif i\u011fneler tercih edin. <strong data-start=\"1602\" data-end=\"1622\">Thunfischschal &amp; -tuch<\/strong>\u2019da yak\u0131n plan doku foto\u011fraflar\u0131n\u0131 <strong data-start=\"1657\" data-end=\"1669\">WhatsApp<\/strong> \u00fczerinden ayn\u0131 g\u00fcn payla\u015farak karar vermenizi kolayla\u015ft\u0131r\u0131yoruz.<\/p>\n<\/li>\n<\/ul>\n<h2 data-start=\"1736\" data-end=\"1775\">Sonbahar: S\u0131cak Tonlar, Dengeli Form<\/h2>\n<p data-start=\"1776\" data-end=\"1844\">Ge\u00e7i\u015f mevsiminde hem ak\u0131\u015fkan hem formda duran dokular i\u015flevseldir.<\/p>\n<ul data-start=\"1845\" data-end=\"2231\">\n<li data-start=\"1845\" data-end=\"1943\">\n<p data-start=\"1847\" data-end=\"1943\"><strong data-start=\"1847\" data-end=\"1865\">\u00d6nerilen doku:<\/strong> Soft \u015falda mevsimlik gramaj; daha net form isteyenler i\u00e7in <strong data-start=\"1925\" data-end=\"1940\">Twillschal<\/strong>.<\/p>\n<\/li>\n<li data-start=\"1944\" data-end=\"2028\">\n<p data-start=\"1946\" data-end=\"2028\"><strong data-start=\"1946\" data-end=\"1962\">Renk paleti:<\/strong> Karamel, kahve, m\u00fcrd\u00fcm, lacivert\u2014d\u0131\u015f giyimle kolay uyum sa\u011flar.<\/p>\n<\/li>\n<li data-start=\"2029\" data-end=\"2231\">\n<p data-start=\"2031\" data-end=\"2231\"><strong data-start=\"2031\" data-end=\"2045\">Neden Biz?<\/strong> \u201c<strong data-start=\"2047\" data-end=\"2070\">Alanya Schalboutique<\/strong> g\u00fcvenilir mi?\u201d sorusuna yan\u0131t\u0131m\u0131z; renk dayan\u0131m\u0131 ve kenar i\u015f\u00e7ili\u011fi kontrol\u00fcnden ge\u00e7en \u00fcr\u00fcnlerimiz. Uzun \u00f6m\u00fcrl\u00fc kullan\u0131m i\u00e7in en do\u011fru dokuyu birlikte se\u00e7iyoruz.<\/p>\n<\/li>\n<\/ul>\n<h2 data-start=\"2233\" data-end=\"2267\">K\u0131\u015f: Tok Duru\u015f ve Derin Renkler<\/h2>\n<p data-start=\"2268\" data-end=\"2339\">K\u0131\u015f aylar\u0131nda katmanl\u0131 kombinlerde tok duran formlar \u015f\u0131kl\u0131\u011f\u0131 art\u0131r\u0131r.<\/p>\n<ul data-start=\"2340\" data-end=\"2718\">\n<li data-start=\"2340\" data-end=\"2433\">\n<p data-start=\"2342\" data-end=\"2433\"><strong data-start=\"2342\" data-end=\"2360\">\u00d6nerilen doku:<\/strong> <strong data-start=\"2361\" data-end=\"2384\">Twill (tivil) e\u015farp<\/strong> ve opak, kaymayan <strong data-start=\"2403\" data-end=\"2415\">weicher Schal<\/strong> alternatifleri.<\/p>\n<\/li>\n<li data-start=\"2434\" data-end=\"2522\">\n<p data-start=\"2436\" data-end=\"2522\"><strong data-start=\"2436\" data-end=\"2452\">Renk paleti:<\/strong> Siyah, antrasit, koyu m\u00fcrd\u00fcm, gece mavisi; resmi ve elegan g\u00f6r\u00fcn\u00fcm.<\/p>\n<\/li>\n<li data-start=\"2523\" data-end=\"2718\">\n<p data-start=\"2525\" data-end=\"2718\"><strong data-start=\"2525\" data-end=\"2535\">\u0130pucu:<\/strong> D\u0131\u015f giyim yakas\u0131 ve \u015fal\/e\u015farp ba\u011flama y\u00fcksekli\u011fini dengeleyin; boyun hatt\u0131n\u0131 rahatlatan ba\u011flama stilleri konforu art\u0131r\u0131r. Bu dengeyi Cikcilli\u2019deki ma\u011fazam\u0131zda birlikte test ediyoruz.<\/p>\n<\/li>\n<\/ul>\n<h2 data-start=\"2720\" data-end=\"2756\">Y\u0131ll\u0131k Gard\u0131rop Plan\u0131: 3+1 Kural\u0131<\/h2>\n<ul data-start=\"2757\" data-end=\"3019\">\n<li data-start=\"2757\" data-end=\"2822\">\n<p data-start=\"2759\" data-end=\"2822\"><strong data-start=\"2759\" data-end=\"2776\">3 Temel Renk:<\/strong> Bej\/krem, siyah, m\u00fcrd\u00fcm (her kombine uyar).<\/p>\n<\/li>\n<li data-start=\"2823\" data-end=\"2917\">\n<p data-start=\"2825\" data-end=\"2917\"><strong data-start=\"2825\" data-end=\"2837\">1 Vurgu:<\/strong> Desenli bir <strong data-start=\"2850\" data-end=\"2865\">Twillschal<\/strong> veya sezon rengi <strong data-start=\"2883\" data-end=\"2895\">weicher Schal<\/strong> (g\u00f6r\u00fcn\u00fcm\u00fc tazeler).<\/p>\n<\/li>\n<li data-start=\"2918\" data-end=\"3019\">\n<p data-start=\"2920\" data-end=\"3019\"><strong data-start=\"2920\" data-end=\"2930\">Sonu\u00e7:<\/strong> Az par\u00e7a ile \u00e7ok kombin\u2014<strong data-start=\"2955\" data-end=\"2971\">Alanya Schal<\/strong> Und <strong data-start=\"2975\" data-end=\"2989\">Alanya-Schal<\/strong> al\u0131\u015fveri\u015finizi verimli k\u0131lar.<\/p>\n<\/li>\n<\/ul>\n<h2 data-start=\"3021\" data-end=\"3081\">Neden Tuna E\u015farp &amp; \u015eal? (Cikcilli\u2019de Se\u00e7ilmi\u015f Koleksiyon)<\/h2>\n<ul data-start=\"3082\" data-end=\"3458\">\n<li data-start=\"3082\" data-end=\"3176\">\n<p data-start=\"3084\" data-end=\"3176\"><strong data-start=\"3084\" data-end=\"3105\">Kalite &amp; Dayan\u0131m:<\/strong> Renk akmas\u0131 yapmayan, formunu koruyan dokular\u2014her sezon test edilir.<\/p>\n<\/li>\n<li data-start=\"3177\" data-end=\"3265\">\n<p data-start=\"3179\" data-end=\"3265\"><strong data-start=\"3179\" data-end=\"3207\">Ki\u015fiye \u00d6zel Dan\u0131\u015fmanl\u0131k:<\/strong> Ten rengi, y\u00fcz \u015fekli, ba\u011flama stili odakl\u0131 y\u00f6nlendirme.<\/p>\n<\/li>\n<li data-start=\"3266\" data-end=\"3371\">\n<p data-start=\"3268\" data-end=\"3371\"><strong data-start=\"3268\" data-end=\"3287\">H\u0131zl\u0131 \u0130leti\u015fim:<\/strong> <strong data-start=\"3288\" data-end=\"3300\">WhatsApp<\/strong> ile stok, <strong data-start=\"3311\" data-end=\"3329\">Farbkarte<\/strong> ve yak\u0131n plan doku g\u00f6rselleri ayn\u0131 g\u00fcn.<\/p>\n<\/li>\n<li data-start=\"3372\" data-end=\"3458\">\n<p data-start=\"3374\" data-end=\"3458\"><strong data-start=\"3374\" data-end=\"3392\">Merkezi Konum:<\/strong> Cikcilli\u2019de kolay ula\u015f\u0131m; ma\u011fazada deneme ve h\u0131zl\u0131 karar deste\u011fi.<\/p>\n<\/li>\n<\/ul>\n<h2 data-start=\"3460\" data-end=\"3505\">Bak\u0131m \u00d6nerileri: D\u00f6rt Mevsim Formda Kals\u0131n<\/h2>\n<ul data-start=\"3506\" data-end=\"3736\">\n<li data-start=\"3506\" data-end=\"3585\">\n<p data-start=\"3508\" data-end=\"3585\">Il\u0131k suda nazik deterjanla k\u0131sa elde y\u0131kama; s\u0131kmadan form vererek kurutma.<\/p>\n<\/li>\n<li data-start=\"3586\" data-end=\"3652\">\n<p data-start=\"3588\" data-end=\"3652\">D\u00fc\u015f\u00fck \u0131s\u0131da, m\u00fcmk\u00fcnse tersinden \u00fct\u00fc ve koruyucu bez kullan\u0131m\u0131.<\/p>\n<\/li>\n<li data-start=\"3653\" data-end=\"3736\">\n<p data-start=\"3655\" data-end=\"3736\">Uygun saklama: Kat izi yapmayacak \u015fekilde, hava alan kuma\u015f torbalar\u0131 tercih edin.<\/p>\n<\/li>\n<\/ul>\n<p data-start=\"3738\" data-end=\"4023\"><strong data-start=\"3738\" data-end=\"3758\">Thunfischschal &amp; -tuch<\/strong>, Alanya\u2019da <strong data-start=\"3770\" data-end=\"3779\">Schal<\/strong> Und <strong data-start=\"3783\" data-end=\"3790\">Schal<\/strong> al\u0131\u015fveri\u015finde g\u00fcvenilir bir ba\u015fvuru noktas\u0131d\u0131r. Mevsime uygun do\u011fru doku\u2013renk se\u00e7imiyle stiliniz daha net ve zamans\u0131z hale gelir. Ma\u011fazam\u0131za bekleriz; gelemeyenler i\u00e7in tek mesaj uza\u011f\u0131z\u2014<strong data-start=\"3977\" data-end=\"3993\">WhatsApp\u2019tan<\/strong> se\u00e7enekleri hemen payla\u015fal\u0131m.<\/p>","protected":false},"excerpt":{"rendered":"<p>Mevsimlere G\u00f6re E\u015farp &amp; \u015eal Se\u00e7imi: Alanya\u2019da \u015e\u0131kl\u0131\u011f\u0131n Adresi Tuna E\u015farp &amp; \u015eal Alanya\u2019da e\u015farp ve \u015fal al\u0131\u015fveri\u015finde do\u011fru se\u00e7im, mevsim ko\u015fullar\u0131n\u0131 ve g\u00fcnl\u00fck ya\u015fam temposunu dikkate almay\u0131 gerektirir. Cikcilli\u2019deki butik deneyimiyle \u00f6ne \u00e7\u0131kan Tuna E\u015farp &amp; \u015eal, d\u00f6rt mevsime uygun soft \u015fal, twill (tivil) e\u015farp ve ipek\u2013pamuk kar\u0131\u015f\u0131mlar\u0131ndan olu\u015fan se\u00e7ilmi\u015f koleksiyonlar\u0131yla stilinizi pratik \u015fekilde [&hellip;]<\/p>","protected":false},"author":1,"featured_media":698,"comment_status":"closed","ping_status":"open","sticky":false,"template":"elementor_header_footer","format":"standard","meta":{"_acf_changed":false,"footnotes":""},"categories":[1],"tags":[32],"class_list":["post-556","post","type-post","status-publish","format-standard","has-post-thumbnail","hentry","category-alanya-esarp","tag-alanya-esarp"],"acf":[],"yoast_head":"<!-- This site is optimized with the Yoast SEO plugin v25.6 - https:\/\/yoast.com\/wordpress\/plugins\/seo\/ -->\n<title>Mevsimlere G\u00f6re E\u015farp &amp; \u015eal Se\u00e7imi: Alanya\u2019da \u015e\u0131kl\u0131\u011f\u0131n Adresi Tuna E\u015farp &amp; \u015eal - Alanya E\u015farp - Alanya \u015eal - Alanya T\u00fcrban<\/title>\n<meta name=\"robots\" content=\"index, follow, max-snippet:-1, max-image-preview:large, max-video-preview:-1\" \/>\n<link rel=\"canonical\" href=\"https:\/\/alanyaesarp.com\/de\/mevsimlere-gore-esarp-sal-secimi-alanyada-sikligin-adresi-tuna-esarp-sal\/\" \/>\n<meta property=\"og:locale\" content=\"de_DE\" \/>\n<meta property=\"og:type\" content=\"article\" \/>\n<meta property=\"og:title\" content=\"Mevsimlere G\u00f6re E\u015farp &amp; \u015eal Se\u00e7imi: Alanya\u2019da \u015e\u0131kl\u0131\u011f\u0131n Adresi Tuna E\u015farp &amp; \u015eal - Alanya E\u015farp - Alanya \u015eal - Alanya T\u00fcrban\" \/>\n<meta property=\"og:description\" content=\"Mevsimlere G\u00f6re E\u015farp &amp; \u015eal Se\u00e7imi: Alanya\u2019da \u015e\u0131kl\u0131\u011f\u0131n Adresi Tuna E\u015farp &amp; \u015eal Alanya\u2019da e\u015farp ve \u015fal al\u0131\u015fveri\u015finde do\u011fru se\u00e7im, mevsim ko\u015fullar\u0131n\u0131 ve g\u00fcnl\u00fck ya\u015fam temposunu dikkate almay\u0131 gerektirir. Cikcilli\u2019deki butik deneyimiyle \u00f6ne \u00e7\u0131kan Tuna E\u015farp &amp; \u015eal, d\u00f6rt mevsime uygun soft \u015fal, twill (tivil) e\u015farp ve ipek\u2013pamuk kar\u0131\u015f\u0131mlar\u0131ndan olu\u015fan se\u00e7ilmi\u015f koleksiyonlar\u0131yla stilinizi pratik \u015fekilde [&hellip;]\" \/>\n<meta property=\"og:url\" content=\"https:\/\/alanyaesarp.com\/de\/mevsimlere-gore-esarp-sal-secimi-alanyada-sikligin-adresi-tuna-esarp-sal\/\" \/>\n<meta property=\"og:site_name\" content=\"Alanya E\u015farp - Alanya \u015eal - Alanya T\u00fcrban\" \/>\n<meta property=\"article:published_time\" content=\"2025-08-10T00:32:28+00:00\" \/>\n<meta property=\"article:modified_time\" content=\"2025-09-04T20:57:04+00:00\" \/>\n<meta property=\"og:image\" content=\"https:\/\/alanyaesarp.com\/wp-content\/uploads\/2025\/08\/4.png\" \/>\n\t<meta property=\"og:image:width\" content=\"1024\" \/>\n\t<meta property=\"og:image:height\" content=\"1024\" \/>\n\t<meta property=\"og:image:type\" content=\"image\/png\" \/>\n<meta name=\"author\" content=\"mubin1156\" \/>\n<meta name=\"twitter:card\" content=\"summary_large_image\" \/>\n<meta name=\"twitter:label1\" content=\"Verfasst von\" \/>\n\t<meta name=\"twitter:data1\" content=\"mubin1156\" \/>\n\t<meta name=\"twitter:label2\" content=\"Gesch\u00e4tzte Lesezeit\" \/>\n\t<meta name=\"twitter:data2\" content=\"4\u00a0Minuten\" \/>\n<script type=\"application\/ld+json\" class=\"yoast-schema-graph\">{\"@context\":\"https:\/\/schema.org\",\"@graph\":[{\"@type\":\"WebPage\",\"@id\":\"https:\/\/alanyaesarp.com\/mevsimlere-gore-esarp-sal-secimi-alanyada-sikligin-adresi-tuna-esarp-sal\/\",\"url\":\"https:\/\/alanyaesarp.com\/mevsimlere-gore-esarp-sal-secimi-alanyada-sikligin-adresi-tuna-esarp-sal\/\",\"name\":\"Mevsimlere G\u00f6re E\u015farp & \u015eal Se\u00e7imi: Alanya\u2019da \u015e\u0131kl\u0131\u011f\u0131n Adresi Tuna E\u015farp & \u015eal - Alanya E\u015farp - Alanya \u015eal - Alanya T\u00fcrban\",\"isPartOf\":{\"@id\":\"https:\/\/alanyaesarp.com\/#website\"},\"primaryImageOfPage\":{\"@id\":\"https:\/\/alanyaesarp.com\/mevsimlere-gore-esarp-sal-secimi-alanyada-sikligin-adresi-tuna-esarp-sal\/#primaryimage\"},\"image\":{\"@id\":\"https:\/\/alanyaesarp.com\/mevsimlere-gore-esarp-sal-secimi-alanyada-sikligin-adresi-tuna-esarp-sal\/#primaryimage\"},\"thumbnailUrl\":\"https:\/\/alanyaesarp.com\/wp-content\/uploads\/2025\/08\/4.png\",\"datePublished\":\"2025-08-10T00:32:28+00:00\",\"dateModified\":\"2025-09-04T20:57:04+00:00\",\"author\":{\"@id\":\"https:\/\/alanyaesarp.com\/#\/schema\/person\/727679d96d9ac1ce01ab33efbc0f2187\"},\"breadcrumb\":{\"@id\":\"https:\/\/alanyaesarp.com\/mevsimlere-gore-esarp-sal-secimi-alanyada-sikligin-adresi-tuna-esarp-sal\/#breadcrumb\"},\"inLanguage\":\"de\",\"potentialAction\":[{\"@type\":\"ReadAction\",\"target\":[\"https:\/\/alanyaesarp.com\/mevsimlere-gore-esarp-sal-secimi-alanyada-sikligin-adresi-tuna-esarp-sal\/\"]}]},{\"@type\":\"ImageObject\",\"inLanguage\":\"de\",\"@id\":\"https:\/\/alanyaesarp.com\/mevsimlere-gore-esarp-sal-secimi-alanyada-sikligin-adresi-tuna-esarp-sal\/#primaryimage\",\"url\":\"https:\/\/alanyaesarp.com\/wp-content\/uploads\/2025\/08\/4.png\",\"contentUrl\":\"https:\/\/alanyaesarp.com\/wp-content\/uploads\/2025\/08\/4.png\",\"width\":1024,\"height\":1024},{\"@type\":\"BreadcrumbList\",\"@id\":\"https:\/\/alanyaesarp.com\/mevsimlere-gore-esarp-sal-secimi-alanyada-sikligin-adresi-tuna-esarp-sal\/#breadcrumb\",\"itemListElement\":[{\"@type\":\"ListItem\",\"position\":1,\"name\":\"Anasayfa\",\"item\":\"https:\/\/alanyaesarp.com\/\"},{\"@type\":\"ListItem\",\"position\":2,\"name\":\"Mevsimlere G\u00f6re E\u015farp &#038; \u015eal Se\u00e7imi: Alanya\u2019da \u015e\u0131kl\u0131\u011f\u0131n Adresi Tuna E\u015farp &#038; \u015eal\"}]},{\"@type\":\"WebSite\",\"@id\":\"https:\/\/alanyaesarp.com\/#website\",\"url\":\"https:\/\/alanyaesarp.com\/\",\"name\":\"Alanya E\u015farp - Alanya \u015eal - Alanya T\u00fcrban\",\"description\":\"Alanya E\u015farp - Alanya \u015eal - Alanya T\u00fcrban\",\"potentialAction\":[{\"@type\":\"SearchAction\",\"target\":{\"@type\":\"EntryPoint\",\"urlTemplate\":\"https:\/\/alanyaesarp.com\/?s={search_term_string}\"},\"query-input\":{\"@type\":\"PropertyValueSpecification\",\"valueRequired\":true,\"valueName\":\"search_term_string\"}}],\"inLanguage\":\"de\"},{\"@type\":\"Person\",\"@id\":\"https:\/\/alanyaesarp.com\/#\/schema\/person\/727679d96d9ac1ce01ab33efbc0f2187\",\"name\":\"mubin1156\",\"image\":{\"@type\":\"ImageObject\",\"inLanguage\":\"de\",\"@id\":\"https:\/\/alanyaesarp.com\/#\/schema\/person\/image\/\",\"url\":\"https:\/\/secure.gravatar.com\/avatar\/96a7af49cbe18887df05c772d60d1327104b8186ba4447f5e2c8be6300f078a8?s=96&d=mm&r=g\",\"contentUrl\":\"https:\/\/secure.gravatar.com\/avatar\/96a7af49cbe18887df05c772d60d1327104b8186ba4447f5e2c8be6300f078a8?s=96&d=mm&r=g\",\"caption\":\"mubin1156\"},\"sameAs\":[\"https:\/\/alanyaesarp.com\"],\"url\":\"https:\/\/alanyaesarp.com\/de\/author\/mubin1156\/\"}]}<\/script>\n<!-- \/ Yoast SEO plugin. -->","yoast_head_json":{"title":"Mevsimlere G\u00f6re E\u015farp & \u015eal Se\u00e7imi: Alanya\u2019da \u015e\u0131kl\u0131\u011f\u0131n Adresi Tuna E\u015farp & \u015eal - Alanya E\u015farp - Alanya \u015eal - Alanya T\u00fcrban","robots":{"index":"index","follow":"follow","max-snippet":"max-snippet:-1","max-image-preview":"max-image-preview:large","max-video-preview":"max-video-preview:-1"},"canonical":"https:\/\/alanyaesarp.com\/de\/mevsimlere-gore-esarp-sal-secimi-alanyada-sikligin-adresi-tuna-esarp-sal\/","og_locale":"de_DE","og_type":"article","og_title":"Mevsimlere G\u00f6re E\u015farp & \u015eal Se\u00e7imi: Alanya\u2019da \u015e\u0131kl\u0131\u011f\u0131n Adresi Tuna E\u015farp & \u015eal - Alanya E\u015farp - Alanya \u015eal - Alanya T\u00fcrban","og_description":"Mevsimlere G\u00f6re E\u015farp &amp; \u015eal Se\u00e7imi: Alanya\u2019da \u015e\u0131kl\u0131\u011f\u0131n Adresi Tuna E\u015farp &amp; \u015eal Alanya\u2019da e\u015farp ve \u015fal al\u0131\u015fveri\u015finde do\u011fru se\u00e7im, mevsim ko\u015fullar\u0131n\u0131 ve g\u00fcnl\u00fck ya\u015fam temposunu dikkate almay\u0131 gerektirir. Cikcilli\u2019deki butik deneyimiyle \u00f6ne \u00e7\u0131kan Tuna E\u015farp &amp; \u015eal, d\u00f6rt mevsime uygun soft \u015fal, twill (tivil) e\u015farp ve ipek\u2013pamuk kar\u0131\u015f\u0131mlar\u0131ndan olu\u015fan se\u00e7ilmi\u015f koleksiyonlar\u0131yla stilinizi pratik \u015fekilde [&hellip;]","og_url":"https:\/\/alanyaesarp.com\/de\/mevsimlere-gore-esarp-sal-secimi-alanyada-sikligin-adresi-tuna-esarp-sal\/","og_site_name":"Alanya E\u015farp - Alanya \u015eal - Alanya T\u00fcrban","article_published_time":"2025-08-10T00:32:28+00:00","article_modified_time":"2025-09-04T20:57:04+00:00","og_image":[{"width":1024,"height":1024,"url":"https:\/\/alanyaesarp.com\/wp-content\/uploads\/2025\/08\/4.png","type":"image\/png"}],"author":"mubin1156","twitter_card":"summary_large_image","twitter_misc":{"Verfasst von":"mubin1156","Gesch\u00e4tzte Lesezeit":"4\u00a0Minuten"},"schema":{"@context":"https:\/\/schema.org","@graph":[{"@type":"WebPage","@id":"https:\/\/alanyaesarp.com\/mevsimlere-gore-esarp-sal-secimi-alanyada-sikligin-adresi-tuna-esarp-sal\/","url":"https:\/\/alanyaesarp.com\/mevsimlere-gore-esarp-sal-secimi-alanyada-sikligin-adresi-tuna-esarp-sal\/","name":"Mevsimlere G\u00f6re E\u015farp & \u015eal Se\u00e7imi: Alanya\u2019da \u015e\u0131kl\u0131\u011f\u0131n Adresi Tuna E\u015farp & \u015eal - Alanya E\u015farp - Alanya \u015eal - Alanya T\u00fcrban","isPartOf":{"@id":"https:\/\/alanyaesarp.com\/#website"},"primaryImageOfPage":{"@id":"https:\/\/alanyaesarp.com\/mevsimlere-gore-esarp-sal-secimi-alanyada-sikligin-adresi-tuna-esarp-sal\/#primaryimage"},"image":{"@id":"https:\/\/alanyaesarp.com\/mevsimlere-gore-esarp-sal-secimi-alanyada-sikligin-adresi-tuna-esarp-sal\/#primaryimage"},"thumbnailUrl":"https:\/\/alanyaesarp.com\/wp-content\/uploads\/2025\/08\/4.png","datePublished":"2025-08-10T00:32:28+00:00","dateModified":"2025-09-04T20:57:04+00:00","author":{"@id":"https:\/\/alanyaesarp.com\/#\/schema\/person\/727679d96d9ac1ce01ab33efbc0f2187"},"breadcrumb":{"@id":"https:\/\/alanyaesarp.com\/mevsimlere-gore-esarp-sal-secimi-alanyada-sikligin-adresi-tuna-esarp-sal\/#breadcrumb"},"inLanguage":"de","potentialAction":[{"@type":"ReadAction","target":["https:\/\/alanyaesarp.com\/mevsimlere-gore-esarp-sal-secimi-alanyada-sikligin-adresi-tuna-esarp-sal\/"]}]},{"@type":"ImageObject","inLanguage":"de","@id":"https:\/\/alanyaesarp.com\/mevsimlere-gore-esarp-sal-secimi-alanyada-sikligin-adresi-tuna-esarp-sal\/#primaryimage","url":"https:\/\/alanyaesarp.com\/wp-content\/uploads\/2025\/08\/4.png","contentUrl":"https:\/\/alanyaesarp.com\/wp-content\/uploads\/2025\/08\/4.png","width":1024,"height":1024},{"@type":"BreadcrumbList","@id":"https:\/\/alanyaesarp.com\/mevsimlere-gore-esarp-sal-secimi-alanyada-sikligin-adresi-tuna-esarp-sal\/#breadcrumb","itemListElement":[{"@type":"ListItem","position":1,"name":"Anasayfa","item":"https:\/\/alanyaesarp.com\/"},{"@type":"ListItem","position":2,"name":"Mevsimlere G\u00f6re E\u015farp &#038; \u015eal Se\u00e7imi: Alanya\u2019da \u015e\u0131kl\u0131\u011f\u0131n Adresi Tuna E\u015farp &#038; \u015eal"}]},{"@type":"WebSite","@id":"https:\/\/alanyaesarp.com\/#website","url":"https:\/\/alanyaesarp.com\/","name":"Alanya E\u015farp - Alanya \u015eal - Alanya T\u00fcrban","description":"Alanya E\u015farp - Alanya \u015eal - Alanya T\u00fcrban","potentialAction":[{"@type":"SearchAction","target":{"@type":"EntryPoint","urlTemplate":"https:\/\/alanyaesarp.com\/?s={search_term_string}"},"query-input":{"@type":"PropertyValueSpecification","valueRequired":true,"valueName":"search_term_string"}}],"inLanguage":"de"},{"@type":"Person","@id":"https:\/\/alanyaesarp.com\/#\/schema\/person\/727679d96d9ac1ce01ab33efbc0f2187","name":"mubin1156","image":{"@type":"ImageObject","inLanguage":"de","@id":"https:\/\/alanyaesarp.com\/#\/schema\/person\/image\/","url":"https:\/\/secure.gravatar.com\/avatar\/96a7af49cbe18887df05c772d60d1327104b8186ba4447f5e2c8be6300f078a8?s=96&d=mm&r=g","contentUrl":"https:\/\/secure.gravatar.com\/avatar\/96a7af49cbe18887df05c772d60d1327104b8186ba4447f5e2c8be6300f078a8?s=96&d=mm&r=g","caption":"mubin1156"},"sameAs":["https:\/\/alanyaesarp.com"],"url":"https:\/\/alanyaesarp.com\/de\/author\/mubin1156\/"}]}},"_links":{"self":[{"href":"https:\/\/alanyaesarp.com\/de\/wp-json\/wp\/v2\/posts\/556","targetHints":{"allow":["GET"]}}],"collection":[{"href":"https:\/\/alanyaesarp.com\/de\/wp-json\/wp\/v2\/posts"}],"about":[{"href":"https:\/\/alanyaesarp.com\/de\/wp-json\/wp\/v2\/types\/post"}],"author":[{"embeddable":true,"href":"https:\/\/alanyaesarp.com\/de\/wp-json\/wp\/v2\/users\/1"}],"replies":[{"embeddable":true,"href":"https:\/\/alanyaesarp.com\/de\/wp-json\/wp\/v2\/comments?post=556"}],"version-history":[{"count":2,"href":"https:\/\/alanyaesarp.com\/de\/wp-json\/wp\/v2\/posts\/556\/revisions"}],"predecessor-version":[{"id":705,"href":"https:\/\/alanyaesarp.com\/de\/wp-json\/wp\/v2\/posts\/556\/revisions\/705"}],"wp:featuredmedia":[{"embeddable":true,"href":"https:\/\/alanyaesarp.com\/de\/wp-json\/wp\/v2\/media\/698"}],"wp:attachment":[{"href":"https:\/\/alanyaesarp.com\/de\/wp-json\/wp\/v2\/media?parent=556"}],"wp:term":[{"taxonomy":"category","embeddable":true,"href":"https:\/\/alanyaesarp.com\/de\/wp-json\/wp\/v2\/categories?post=556"},{"taxonomy":"post_tag","embeddable":true,"href":"https:\/\/alanyaesarp.com\/de\/wp-json\/wp\/v2\/tags?post=556"}],"curies":[{"name":"wp","href":"https:\/\/api.w.org\/{rel}","templated":true}]}}